{"id":1568,"date":"2015-11-13T01:25:00","date_gmt":"2015-11-13T01:25:00","guid":{"rendered":"https:\/\/rememberminds.pt\/?p=1568"},"modified":"2024-08-20T02:29:50","modified_gmt":"2024-08-20T02:29:50","slug":"god-save-the-queen-portugal-2015","status":"publish","type":"post","link":"https:\/\/rememberminds.pt\/en\/2015\/11\/god-save-the-queen-portugal-2015\/","title":{"rendered":"God Save the Queen \u2013 Portugal 2015"},"content":{"rendered":"<div class=\"wp-block-image\">\n<figure class=\"aligncenter size-full is-resized\"><img fetchpriority=\"high\" decoding=\"async\" width=\"702\" height=\"1024\" src=\"https:\/\/rememberminds.pt\/wp-content\/uploads\/2024\/07\/2015Queen.jpg\" alt=\"\" class=\"wp-image-1569\" style=\"width:367px;height:auto\" srcset=\"https:\/\/rememberminds.pt\/wp-content\/uploads\/2024\/07\/2015Queen.jpg 702w, https:\/\/rememberminds.pt\/wp-content\/uploads\/2024\/07\/2015Queen-206x300.jpg 206w\" sizes=\"(max-width: 702px) 100vw, 702px\" \/><\/figure><\/div>\n\n\n<p>Remember Minds is pleased to present the 2015 World Tour of the tribute band \"God Save the Queen\", recognised worldwide as the best tribute to Queen. With its impressive recreation of the British band's iconic shows, \"God Save the Queen\" promises an unforgettable experience for all fans.<\/p>\n\n\n\n<h4 class=\"wp-block-heading\">Dates and venues in Portugal<\/h4>\n\n\n\n<p>Portuguese fans will have two opportunities to see this extraordinary show:<\/p>\n\n\n\n<ul class=\"wp-block-list\">\n<li><strong>13 November:<\/strong> Porto Coliseum<\/li>\n\n\n\n<li><strong>15 November:<\/strong> Lisbon Coliseum<\/li>\n<\/ul>\n\n\n\n<h4 class=\"wp-block-heading\">The \"God Save the Queen\" Experience<\/h4>\n\n\n\n<p>\"God Save the Queen is known for its impressive fidelity to Queen's music and visual spectacle. Led by Pablo Pad\u00edn, whose resemblance to Freddie Mercury is remarkable, the band offers performances that capture the essence of Queen. From the powerful vocals to the captivating stage presence, every detail is carefully recreated to provide a nostalgic trip back to the golden years of rock.<\/p>\n\n\n\n<figure class=\"wp-block-embed is-type-video is-provider-youtube wp-block-embed-youtube wp-embed-aspect-16-9 wp-has-aspect-ratio\"><div class=\"wp-block-embed__wrapper\">\n<p class=\"responsive-video-wrap clr\"><iframe title=\"GOD SAVE THE QUEEN LISBON 2015 - WE WILL ROCK YOU\" width=\"1200\" height=\"675\" src=\"https:\/\/www.youtube.com\/embed\/4FDj4bP-Zlo?feature=oembed\" frameborder=\"0\" allow=\"accelerometer; autoplay; clipboard-write; encrypted-media; gyroscope; picture-in-picture; web-share\" referrerpolicy=\"strict-origin-when-cross-origin\" allowfullscreen><\/iframe><\/p>\n<\/div><\/figure>\n\n\n\n<h4 class=\"wp-block-heading\">Tour highlights<\/h4>\n\n\n\n<p>The 2015 World Tour will bring the magic of Queen to various venues around the world, and Portugal is no exception. The concerts at the Coliseums in Porto and Lisbon will include all of Queen's classics, such as \"Bohemian Rhapsody\", \"We Will Rock You\", and \"Radio Ga Ga\". The energy and enthusiasm of the fans, combined with the band's impeccable performance, promise to create an unforgettable atmosphere.<\/p>\n\n\n\n<h4 class=\"wp-block-heading\">Conclusion<\/h4>\n\n\n\n<p>Remember Minds is proud to bring \"God Save the Queen\" to Portugal as part of its 2015 World Tour. These concerts are a unique opportunity for fans to experience the magic and grandeur of live Queen shows. Don't miss the chance to be part of this memorable experience.<\/p>\n\n\n\n<p><strong>Coliseu Porto - 13th November 2015<\/strong> <strong>Coliseu Lisboa - 15th November 2015<\/strong><\/p>\n\n\n\n<p>Get ready for an epic night in honour of Queen!<\/p>","protected":false},"excerpt":{"rendered":"<p>Remember Minds tem o prazer de apresentar a World Tour 2015 da banda tributo &#8220;God Save the Queen&#8221;, reconhecida mundialmente como o melhor tributo ao Queen. Com a sua impressionante recria\u00e7\u00e3o dos shows ic\u00f4nicos da banda brit\u00e2nica, &#8220;God Save the Queen&#8221; promete uma experi\u00eancia inesquec\u00edvel para todos os f\u00e3s. Datas e Locais em Portugal Os [&hellip;]<\/p>","protected":false},"author":1,"featured_media":1569,"comment_status":"open","ping_status":"open","sticky":false,"template":"","format":"standard","meta":{"rank_math_lock_modified_date":false,"ocean_post_layout":"","ocean_both_sidebars_style":"","ocean_both_sidebars_content_width":0,"ocean_both_sidebars_sidebars_width":0,"ocean_sidebar":"","ocean_second_sidebar":"","ocean_disable_margins":"enable","ocean_add_body_class":"","ocean_shortcode_before_top_bar":"","ocean_shortcode_after_top_bar":"","ocean_shortcode_before_header":"","ocean_shortcode_after_header":"","ocean_has_shortcode":"","ocean_shortcode_after_title":"","ocean_shortcode_before_footer_widgets":"","ocean_shortcode_after_footer_widgets":"","ocean_shortcode_before_footer_bottom":"","ocean_shortcode_after_footer_bottom":"","ocean_display_top_bar":"default","ocean_display_header":"default","ocean_header_style":"","ocean_center_header_left_menu":"","ocean_custom_header_template":"","ocean_custom_logo":0,"ocean_custom_retina_logo":0,"ocean_custom_logo_max_width":0,"ocean_custom_logo_tablet_max_width":0,"ocean_custom_logo_mobile_max_width":0,"ocean_custom_logo_max_height":0,"ocean_custom_logo_tablet_max_height":0,"ocean_custom_logo_mobile_max_height":0,"ocean_header_custom_menu":"","ocean_menu_typo_font_family":"","ocean_menu_typo_font_subset":"","ocean_menu_typo_font_size":0,"ocean_menu_typo_font_size_tablet":0,"ocean_menu_typo_font_size_mobile":0,"ocean_menu_typo_font_size_unit":"px","ocean_menu_typo_font_weight":"","ocean_menu_typo_font_weight_tablet":"","ocean_menu_typo_font_weight_mobile":"","ocean_menu_typo_transform":"","ocean_menu_typo_transform_tablet":"","ocean_menu_typo_transform_mobile":"","ocean_menu_typo_line_height":0,"ocean_menu_typo_line_height_tablet":0,"ocean_menu_typo_line_height_mobile":0,"ocean_menu_typo_line_height_unit":"","ocean_menu_typo_spacing":0,"ocean_menu_typo_spacing_tablet":0,"ocean_menu_typo_spacing_mobile":0,"ocean_menu_typo_spacing_unit":"","ocean_menu_link_color":"","ocean_menu_link_color_hover":"","ocean_menu_link_color_active":"","ocean_menu_link_background":"","ocean_menu_link_hover_background":"","ocean_menu_link_active_background":"","ocean_menu_social_links_bg":"","ocean_menu_social_hover_links_bg":"","ocean_menu_social_links_color":"","ocean_menu_social_hover_links_color":"","ocean_disable_title":"default","ocean_disable_heading":"default","ocean_post_title":"","ocean_post_subheading":"","ocean_post_title_style":"","ocean_post_title_background_color":"","ocean_post_title_background":0,"ocean_post_title_bg_image_position":"","ocean_post_title_bg_image_attachment":"","ocean_post_title_bg_image_repeat":"","ocean_post_title_bg_image_size":"","ocean_post_title_height":0,"ocean_post_title_bg_overlay":0.5,"ocean_post_title_bg_overlay_color":"","ocean_disable_breadcrumbs":"default","ocean_breadcrumbs_color":"","ocean_breadcrumbs_separator_color":"","ocean_breadcrumbs_links_color":"","ocean_breadcrumbs_links_hover_color":"","ocean_display_footer_widgets":"default","ocean_display_footer_bottom":"default","ocean_custom_footer_template":"","ofc_meta_disable_footer_callout":"","ofc_meta_callout_button_url":"","ofc_meta_callout_button_txt":"","ofc_meta_callout_text":"","ofc_enable_fullscreen":"disable","ofc_fullscreen_speed":0,"ofc_fullscreen_nav":"enable","ofc_fullscreen_nav_pos":"right","ofc_fullscreen_nav_color":"","ofc_fullscreen_nav_tooltip_color":"","ofc_fullscreen_responsive":0,"ocean_post_oembed":"","ocean_post_self_hosted_media":"","ocean_post_video_embed":"","ocean_link_format":"","ocean_link_format_target":"self","ocean_quote_format":"","ocean_quote_format_link":"post","ocean_gallery_link_images":"on","ocean_gallery_id":[],"footnotes":""},"categories":[24],"tags":[],"class_list":["post-1568","post","type-post","status-publish","format-standard","has-post-thumbnail","hentry","category-arquivo","entry","has-media"],"_links":{"self":[{"href":"https:\/\/rememberminds.pt\/en\/wp-json\/wp\/v2\/posts\/1568","targetHints":{"allow":["GET"]}}],"collection":[{"href":"https:\/\/rememberminds.pt\/en\/wp-json\/wp\/v2\/posts"}],"about":[{"href":"https:\/\/rememberminds.pt\/en\/wp-json\/wp\/v2\/types\/post"}],"author":[{"embeddable":true,"href":"https:\/\/rememberminds.pt\/en\/wp-json\/wp\/v2\/users\/1"}],"replies":[{"embeddable":true,"href":"https:\/\/rememberminds.pt\/en\/wp-json\/wp\/v2\/comments?post=1568"}],"version-history":[{"count":1,"href":"https:\/\/rememberminds.pt\/en\/wp-json\/wp\/v2\/posts\/1568\/revisions"}],"predecessor-version":[{"id":1572,"href":"https:\/\/rememberminds.pt\/en\/wp-json\/wp\/v2\/posts\/1568\/revisions\/1572"}],"wp:featuredmedia":[{"embeddable":true,"href":"https:\/\/rememberminds.pt\/en\/wp-json\/wp\/v2\/media\/1569"}],"wp:attachment":[{"href":"https:\/\/rememberminds.pt\/en\/wp-json\/wp\/v2\/media?parent=1568"}],"wp:term":[{"taxonomy":"category","embeddable":true,"href":"https:\/\/rememberminds.pt\/en\/wp-json\/wp\/v2\/categories?post=1568"},{"taxonomy":"post_tag","embeddable":true,"href":"https:\/\/rememberminds.pt\/en\/wp-json\/wp\/v2\/tags?post=1568"}],"curies":[{"name":"wp","href":"https:\/\/api.w.org\/{rel}","templated":true}]}}