{"id":1326,"date":"2010-03-26T00:17:00","date_gmt":"2010-03-26T00:17:00","guid":{"rendered":"https:\/\/rememberminds.pt\/?p=1326"},"modified":"2024-07-26T00:42:45","modified_gmt":"2024-07-26T00:42:45","slug":"remember-minds-apresenta-alphaville-no-campo-pequeno-em-2010","status":"publish","type":"post","link":"https:\/\/rememberminds.pt\/pt\/2010\/03\/remember-minds-apresenta-alphaville-no-campo-pequeno-em-2010\/","title":{"rendered":"Remember Minds Apresenta: Alphaville no Campo Pequeno em 2010"},"content":{"rendered":"<div class=\"wp-block-image\">\n<figure class=\"aligncenter size-full\"><img fetchpriority=\"high\" decoding=\"async\" width=\"422\" height=\"604\" src=\"https:\/\/rememberminds.pt\/wp-content\/uploads\/2024\/07\/16946_288603681115_4327209_n.jpg\" alt=\"\" class=\"wp-image-1327\" srcset=\"https:\/\/rememberminds.pt\/wp-content\/uploads\/2024\/07\/16946_288603681115_4327209_n.jpg 422w, https:\/\/rememberminds.pt\/wp-content\/uploads\/2024\/07\/16946_288603681115_4327209_n-210x300.jpg 210w, https:\/\/rememberminds.pt\/wp-content\/uploads\/2024\/07\/16946_288603681115_4327209_n-8x12.jpg 8w\" sizes=\"(max-width: 422px) 100vw, 422px\" \/><\/figure><\/div>\n\n\n<h3 class=\"wp-block-heading\">Remember Minds Apresenta: Alphaville no Campo Pequeno em 2010<\/h3>\n\n\n\n<p>No dia 26 de mar\u00e7o de 2010, a Remember Minds trouxe ao Campo Pequeno, em Lisboa, a ic\u00f3nica banda de synth-pop Alphaville, proporcionando uma noite inesquec\u00edvel de nostalgia e m\u00fasica eletr\u00f3nica. Este evento foi um marco para os f\u00e3s portugueses, que tiveram a oportunidade de ver ao vivo uma das bandas mais emblem\u00e1ticas dos anos 80.<\/p>\n\n\n\n<h4 class=\"wp-block-heading\">Alphaville: Uma Viagem pelo Synth-Pop<\/h4>\n\n\n\n<p>Alphaville, formada na Alemanha em 1982, rapidamente se destacou no cen\u00e1rio musical com sucessos como &#8220;Big in Japan&#8221;, &#8220;Forever Young&#8221; e &#8220;Sounds Like a Melody&#8221;. A sua m\u00fasica, caracterizada por melodias cativantes e letras po\u00e9ticas, conquistou f\u00e3s em todo o mundo. No Campo Pequeno, a banda, liderada por Marian Gold, entregou uma performance memor\u00e1vel, transportando o p\u00fablico numa viagem pelos maiores \u00eaxitos da sua carreira.<\/p>\n\n\n\n<h4 class=\"wp-block-heading\">A Noite M\u00e1gica no Campo Pequeno<\/h4>\n\n\n\n<p>O Campo Pequeno estava repleto de f\u00e3s entusiasmados, prontos para reviver os cl\u00e1ssicos dos Alphaville. A energia na sala era palp\u00e1vel desde os primeiros acordes. A banda abriu o concerto com &#8220;Big in Japan&#8221;, um dos seus maiores \u00eaxitos, recebendo uma resposta calorosa do p\u00fablico. Ao longo da noite, Alphaville apresentou uma sele\u00e7\u00e3o de can\u00e7\u00f5es que inclu\u00edam tanto os cl\u00e1ssicos intemporais quanto m\u00fasicas de \u00e1lbuns mais recentes, mantendo a audi\u00eancia cativada do in\u00edcio ao fim.<\/p>\n\n\n\n<h4 class=\"wp-block-heading\">Momentos Memor\u00e1veis<\/h4>\n\n\n\n<p>Um dos pontos altos da noite foi a performance de &#8220;Forever Young&#8221;, uma can\u00e7\u00e3o que se tornou um hino para v\u00e1rias gera\u00e7\u00f5es. O p\u00fablico cantou em un\u00edssono, criando um momento de uni\u00e3o e celebra\u00e7\u00e3o. A presen\u00e7a de palco de Marian Gold e a precis\u00e3o musical da banda garantiram que cada can\u00e7\u00e3o fosse executada com paix\u00e3o e autenticidade.<\/p>\n\n\n\n<figure class=\"wp-block-embed is-type-video is-provider-youtube wp-block-embed-youtube wp-embed-aspect-4-3 wp-has-aspect-ratio\"><div class=\"wp-block-embed__wrapper\">\n<p class=\"responsive-video-wrap clr\"><iframe title=\"Alphaville - Forever Young @ Live Portugal (Campo Pequeno 26-03-2010)\" width=\"1200\" height=\"900\" src=\"https:\/\/www.youtube.com\/embed\/uIWtly72EWc?feature=oembed\" frameborder=\"0\" allow=\"accelerometer; autoplay; clipboard-write; encrypted-media; gyroscope; picture-in-picture; web-share\" referrerpolicy=\"strict-origin-when-cross-origin\" allowfullscreen><\/iframe><\/p>\n<\/div><\/figure>\n\n\n\n<h4 class=\"wp-block-heading\">Relembrando o Evento<\/h4>\n\n\n\n<p>A Remember Minds tem orgulho de ter proporcionado esta noite m\u00e1gica aos f\u00e3s de Alphaville em Portugal. O concerto de 26 de mar\u00e7o de 2010 n\u00e3o s\u00f3 destacou a atemporalidade da m\u00fasica dos Alphaville, mas tamb\u00e9m reafirmou o compromisso da Remember Minds em trazer artistas de renome internacional para o p\u00fablico portugu\u00eas.<\/p>\n","protected":false},"excerpt":{"rendered":"<p>Remember Minds Apresenta: Alphaville no Campo Pequeno em 2010 No dia 26 de mar\u00e7o de 2010, a Remember Minds trouxe ao Campo Pequeno, em Lisboa, a ic\u00f3nica banda de synth-pop Alphaville, proporcionando uma noite inesquec\u00edvel de nostalgia e m\u00fasica eletr\u00f3nica. Este evento foi um marco para os f\u00e3s portugueses, que tiveram a oportunidade de ver [&hellip;]<\/p>\n","protected":false},"author":1,"featured_media":1327,"comment_status":"open","ping_status":"open","sticky":false,"template":"","format":"standard","meta":{"rank_math_lock_modified_date":false,"ocean_post_layout":"","ocean_both_sidebars_style":"","ocean_both_sidebars_content_width":0,"ocean_both_sidebars_sidebars_width":0,"ocean_sidebar":"","ocean_second_sidebar":"","ocean_disable_margins":"enable","ocean_add_body_class":"","ocean_shortcode_before_top_bar":"","ocean_shortcode_after_top_bar":"","ocean_shortcode_before_header":"","ocean_shortcode_after_header":"","ocean_has_shortcode":"","ocean_shortcode_after_title":"","ocean_shortcode_before_footer_widgets":"","ocean_shortcode_after_footer_widgets":"","ocean_shortcode_before_footer_bottom":"","ocean_shortcode_after_footer_bottom":"","ocean_display_top_bar":"default","ocean_display_header":"default","ocean_header_style":"","ocean_center_header_left_menu":"","ocean_custom_header_template":"","ocean_custom_logo":0,"ocean_custom_retina_logo":0,"ocean_custom_logo_max_width":0,"ocean_custom_logo_tablet_max_width":0,"ocean_custom_logo_mobile_max_width":0,"ocean_custom_logo_max_height":0,"ocean_custom_logo_tablet_max_height":0,"ocean_custom_logo_mobile_max_height":0,"ocean_header_custom_menu":"","ocean_menu_typo_font_family":"","ocean_menu_typo_font_subset":"","ocean_menu_typo_font_size":0,"ocean_menu_typo_font_size_tablet":0,"ocean_menu_typo_font_size_mobile":0,"ocean_menu_typo_font_size_unit":"px","ocean_menu_typo_font_weight":"","ocean_menu_typo_font_weight_tablet":"","ocean_menu_typo_font_weight_mobile":"","ocean_menu_typo_transform":"","ocean_menu_typo_transform_tablet":"","ocean_menu_typo_transform_mobile":"","ocean_menu_typo_line_height":0,"ocean_menu_typo_line_height_tablet":0,"ocean_menu_typo_line_height_mobile":0,"ocean_menu_typo_line_height_unit":"","ocean_menu_typo_spacing":0,"ocean_menu_typo_spacing_tablet":0,"ocean_menu_typo_spacing_mobile":0,"ocean_menu_typo_spacing_unit":"","ocean_menu_link_color":"","ocean_menu_link_color_hover":"","ocean_menu_link_color_active":"","ocean_menu_link_background":"","ocean_menu_link_hover_background":"","ocean_menu_link_active_background":"","ocean_menu_social_links_bg":"","ocean_menu_social_hover_links_bg":"","ocean_menu_social_links_color":"","ocean_menu_social_hover_links_color":"","ocean_disable_title":"default","ocean_disable_heading":"default","ocean_post_title":"","ocean_post_subheading":"","ocean_post_title_style":"","ocean_post_title_background_color":"","ocean_post_title_background":0,"ocean_post_title_bg_image_position":"","ocean_post_title_bg_image_attachment":"","ocean_post_title_bg_image_repeat":"","ocean_post_title_bg_image_size":"","ocean_post_title_height":0,"ocean_post_title_bg_overlay":0.5,"ocean_post_title_bg_overlay_color":"","ocean_disable_breadcrumbs":"default","ocean_breadcrumbs_color":"","ocean_breadcrumbs_separator_color":"","ocean_breadcrumbs_links_color":"","ocean_breadcrumbs_links_hover_color":"","ocean_display_footer_widgets":"default","ocean_display_footer_bottom":"default","ocean_custom_footer_template":"","ofc_meta_disable_footer_callout":"","ofc_meta_callout_button_url":"","ofc_meta_callout_button_txt":"","ofc_meta_callout_text":"","ofc_enable_fullscreen":"disable","ofc_fullscreen_speed":0,"ofc_fullscreen_nav":"enable","ofc_fullscreen_nav_pos":"right","ofc_fullscreen_nav_color":"","ofc_fullscreen_nav_tooltip_color":"","ofc_fullscreen_responsive":0,"ocean_post_oembed":"","ocean_post_self_hosted_media":"","ocean_post_video_embed":"","ocean_link_format":"","ocean_link_format_target":"self","ocean_quote_format":"","ocean_quote_format_link":"post","ocean_gallery_link_images":"on","ocean_gallery_id":[],"footnotes":""},"categories":[24],"tags":[],"class_list":["post-1326","post","type-post","status-publish","format-standard","has-post-thumbnail","hentry","category-arquivo","entry","has-media"],"_links":{"self":[{"href":"https:\/\/rememberminds.pt\/pt\/wp-json\/wp\/v2\/posts\/1326","targetHints":{"allow":["GET"]}}],"collection":[{"href":"https:\/\/rememberminds.pt\/pt\/wp-json\/wp\/v2\/posts"}],"about":[{"href":"https:\/\/rememberminds.pt\/pt\/wp-json\/wp\/v2\/types\/post"}],"author":[{"embeddable":true,"href":"https:\/\/rememberminds.pt\/pt\/wp-json\/wp\/v2\/users\/1"}],"replies":[{"embeddable":true,"href":"https:\/\/rememberminds.pt\/pt\/wp-json\/wp\/v2\/comments?post=1326"}],"version-history":[{"count":1,"href":"https:\/\/rememberminds.pt\/pt\/wp-json\/wp\/v2\/posts\/1326\/revisions"}],"predecessor-version":[{"id":1328,"href":"https:\/\/rememberminds.pt\/pt\/wp-json\/wp\/v2\/posts\/1326\/revisions\/1328"}],"wp:featuredmedia":[{"embeddable":true,"href":"https:\/\/rememberminds.pt\/pt\/wp-json\/wp\/v2\/media\/1327"}],"wp:attachment":[{"href":"https:\/\/rememberminds.pt\/pt\/wp-json\/wp\/v2\/media?parent=1326"}],"wp:term":[{"taxonomy":"category","embeddable":true,"href":"https:\/\/rememberminds.pt\/pt\/wp-json\/wp\/v2\/categories?post=1326"},{"taxonomy":"post_tag","embeddable":true,"href":"https:\/\/rememberminds.pt\/pt\/wp-json\/wp\/v2\/tags?post=1326"}],"curies":[{"name":"wp","href":"https:\/\/api.w.org\/{rel}","templated":true}]}}