{"id":1812,"date":"2025-01-23T16:17:32","date_gmt":"2025-01-23T15:17:32","guid":{"rendered":"https:\/\/rememberminds.pt\/?p=1812"},"modified":"2025-05-22T15:59:11","modified_gmt":"2025-05-22T14:59:11","slug":"thisismichael","status":"publish","type":"post","link":"https:\/\/rememberminds.pt\/pt\/2025\/01\/thisismichael\/","title":{"rendered":"This Is Michael World Tour 2025 | Campo Pequeno"},"content":{"rendered":"\n<figure class=\"wp-block-embed is-type-video is-provider-youtube wp-block-embed-youtube wp-embed-aspect-16-9 wp-has-aspect-ratio\"><div class=\"wp-block-embed__wrapper\">\n<p class=\"responsive-video-wrap clr\"><iframe title=\"THis is Michael World Tour 2025 PORTUGAL\" width=\"1200\" height=\"675\" src=\"https:\/\/www.youtube.com\/embed\/uE0U00NC6Co?feature=oembed\" frameborder=\"0\" allow=\"accelerometer; autoplay; clipboard-write; encrypted-media; gyroscope; picture-in-picture; web-share\" referrerpolicy=\"strict-origin-when-cross-origin\" allowfullscreen><\/iframe><\/p>\n<\/div><\/figure>\n\n\n\n<div class=\"wp-block-group is-nowrap is-layout-flex wp-container-core-group-is-layout-1 wp-block-group-is-layout-flex\">\n<h2 class=\"wp-block-heading has-text-align-center\"><strong><mark style=\"background-color:rgba(0, 0, 0, 0)\" class=\"has-inline-color has-luminous-vivid-amber-color\">                   <\/mark><\/strong><\/h2>\n<\/div>\n\n\n\n<div class=\"wp-block-buttons is-content-justification-center is-layout-flex wp-container-core-buttons-is-layout-1 wp-block-buttons-is-layout-flex\">\n<div class=\"wp-block-button\"><a class=\"wp-block-button__link has-vivid-red-background-color has-background wp-element-button\" href=\"https:\/\/bilheteira.fnac.pt\/Evento-546455\/THIS-IS-MICHAEL-WORLD-TOUR-2025-\" target=\"_blank\" rel=\"noreferrer noopener\"><strong>COMPRAR BILHETES<\/strong><\/a><\/div>\n<\/div>\n\n\n\n<p><\/p>\n\n\n\n<p><strong><mark style=\"background-color:rgba(0, 0, 0, 0)\" class=\"has-inline-color has-luminous-vivid-orange-color\">PR\u00c9-VENDA COM PRE\u00c7O PROMOCIONAL EM EXCLUSIVO NAS LOJAS F\u00cdSICAS E EM BILHETEIRA.FNAC.PT<br>DURANTE 48H A PARTIR DE DIA 23\/01 \u00c0S 00H<\/mark><br><\/strong><\/p>\n\n\n\n<p><strong>This Is Michael<\/strong><br><strong>S\u00e1bado, 17 de Maio, Sagres Campo Pequeno<\/strong><br><em>Mais de 500.000 pessoas j\u00e1 viram o melhor espet\u00e1culo internacional de homenagem a Michael Jackson.<\/em><br><br>Conhecido pelas suas inigual\u00e1veis habilidades de dan\u00e7a, voz \u00fanica e performances espetaculares, Michael Jackson deixou um legado que continua a inspirar e encantar f\u00e3s em todo o mundo.<br><br>&#8220;This Is Michael&#8221; foi criado com o intuito de capturar a ess\u00eancia e o esp\u00edrito das performances inesquec\u00edveis de Michael Jackson. Desde a sua estreia, o espet\u00e1culo tem encantado plateias ao redor do mundo, trazendo de volta os maiores sucessos do artista e revivendo os momentos mais ic\u00f3nicos da sua carreira. As coreografias do espet\u00e1culo s\u00e3o uma recria\u00e7\u00e3o fiel dos movimentos caracter\u00edsticos de Michael Jackson, incluindo o famoso &#8220;moonwalk&#8221;, as poses dram\u00e1ticas e os passos de dan\u00e7a complexos que definiram o seu estilo \u00fanico. Os dan\u00e7arinos s\u00e3o meticulosamente treinados para capturar a precis\u00e3o e a pot\u00eancia das coreografias, proporcionando uma experi\u00eancia aut\u00eantica e eletrizante para o p\u00fablico.<\/p>\n\n\n\n<p><br><br>E no papel principal, Lenny Jay deixa as plateias em \u00eaxtase tanto pela semelhan\u00e7a f\u00edsica e habilidade na dan\u00e7a como pela habilidade vocal demonstrada ao vivo sem qualquer playback.<br><br>&#8220;Thriller&#8221;, &#8220;Billie Jean&#8221;, &#8220;Beat It&#8221; ou &#8220;Smooth Criminal&#8221; s\u00e3o algumas das performances energ\u00e9ticas e emocionantes postas em palco, cuidadosamente coreografadas para capturar a energia e a magia das apresenta\u00e7\u00f5es ao vivo de Michael Jackson.<br><br>Assistir a &#8220;This Is Michael&#8221; \u00e9 uma experi\u00eancia imersiva e a intera\u00e7\u00e3o com o p\u00fablico \u00e9 tamb\u00e9m uma parte crucial do espet\u00e1culo, com momentos que permitem aos f\u00e3s participar ativamente na celebra\u00e7\u00e3o do legado de Michael.<br><br>&#8220;This Is Michael&#8221; tem sido aclamado n\u00e3o s\u00f3 porque celebra a m\u00fasica e a dan\u00e7a de Michael Jackson, mas tamb\u00e9m porque sublinha a sua influ\u00eancia cultural e o impacto duradouro que teve na ind\u00fastria musical e na sociedade em geral. Atrav\u00e9s deste tributo, os novos f\u00e3s t\u00eam a oportunidade de descobrir a genialidade de Michael Jackson, enquanto os f\u00e3s de longa data podem reviver as emo\u00e7\u00f5es dos seus concertos inesquec\u00edveis.<\/p>\n\n\n\n<p><strong>PRE\u00c7OS<\/strong><br>Plateia VIP | 50\u20ac &#8211; Early Birds 45\u20ac &nbsp;<br>1\u00aa Plateia | 40\u20ac &#8211; Early Birds 36\u20ac&nbsp;<br>2\u00aa Plateia | 35\u20ac &#8211; Early Birds 31,5\u20ac&nbsp;<br>Bancada A | 32\u20ac &#8211; Early Birds 28,8\u20ac<br>Bancada B | 32\u20ac &#8211; Early Birds 28,8\u20ac<\/p>\n\n\n\n<figure class=\"wp-block-embed is-type-video is-provider-youtube wp-block-embed-youtube wp-embed-aspect-16-9 wp-has-aspect-ratio\"><div class=\"wp-block-embed__wrapper\">\n<p class=\"responsive-video-wrap clr\"><iframe title=\"This Is Michael Promo\" width=\"1200\" height=\"675\" src=\"https:\/\/www.youtube.com\/embed\/b3BI5mozMsk?feature=oembed\" frameborder=\"0\" allow=\"accelerometer; autoplay; clipboard-write; encrypted-media; gyroscope; picture-in-picture; web-share\" referrerpolicy=\"strict-origin-when-cross-origin\" allowfullscreen><\/iframe><\/p>\n<\/div><\/figure>\n","protected":false},"excerpt":{"rendered":"<p>PR\u00c9-VENDA COM PRE\u00c7O PROMOCIONAL EM EXCLUSIVO NAS LOJAS F\u00cdSICAS E EM BILHETEIRA.FNAC.PTDURANTE 48H A PARTIR DE DIA 23\/01 \u00c0S 00H This Is MichaelS\u00e1bado, 17 de Maio, Sagres Campo PequenoMais de 500.000 pessoas j\u00e1 viram o melhor espet\u00e1culo internacional de homenagem a Michael Jackson. Conhecido pelas suas inigual\u00e1veis habilidades de dan\u00e7a, voz \u00fanica e performances espetaculares, [&hellip;]<\/p>\n","protected":false},"author":1,"featured_media":1811,"comment_status":"open","ping_status":"open","sticky":false,"template":"","format":"standard","meta":{"rank_math_lock_modified_date":false,"ocean_post_layout":"","ocean_both_sidebars_style":"","ocean_both_sidebars_content_width":0,"ocean_both_sidebars_sidebars_width":0,"ocean_sidebar":"","ocean_second_sidebar":"","ocean_disable_margins":"enable","ocean_add_body_class":"","ocean_shortcode_before_top_bar":"","ocean_shortcode_after_top_bar":"","ocean_shortcode_before_header":"","ocean_shortcode_after_header":"","ocean_has_shortcode":"","ocean_shortcode_after_title":"","ocean_shortcode_before_footer_widgets":"","ocean_shortcode_after_footer_widgets":"","ocean_shortcode_before_footer_bottom":"","ocean_shortcode_after_footer_bottom":"","ocean_display_top_bar":"default","ocean_display_header":"default","ocean_header_style":"","ocean_center_header_left_menu":"","ocean_custom_header_template":"","ocean_custom_logo":0,"ocean_custom_retina_logo":0,"ocean_custom_logo_max_width":0,"ocean_custom_logo_tablet_max_width":0,"ocean_custom_logo_mobile_max_width":0,"ocean_custom_logo_max_height":0,"ocean_custom_logo_tablet_max_height":0,"ocean_custom_logo_mobile_max_height":0,"ocean_header_custom_menu":"","ocean_menu_typo_font_family":"","ocean_menu_typo_font_subset":"","ocean_menu_typo_font_size":0,"ocean_menu_typo_font_size_tablet":0,"ocean_menu_typo_font_size_mobile":0,"ocean_menu_typo_font_size_unit":"px","ocean_menu_typo_font_weight":"","ocean_menu_typo_font_weight_tablet":"","ocean_menu_typo_font_weight_mobile":"","ocean_menu_typo_transform":"","ocean_menu_typo_transform_tablet":"","ocean_menu_typo_transform_mobile":"","ocean_menu_typo_line_height":0,"ocean_menu_typo_line_height_tablet":0,"ocean_menu_typo_line_height_mobile":0,"ocean_menu_typo_line_height_unit":"","ocean_menu_typo_spacing":0,"ocean_menu_typo_spacing_tablet":0,"ocean_menu_typo_spacing_mobile":0,"ocean_menu_typo_spacing_unit":"","ocean_menu_link_color":"","ocean_menu_link_color_hover":"","ocean_menu_link_color_active":"","ocean_menu_link_background":"","ocean_menu_link_hover_background":"","ocean_menu_link_active_background":"","ocean_menu_social_links_bg":"","ocean_menu_social_hover_links_bg":"","ocean_menu_social_links_color":"","ocean_menu_social_hover_links_color":"","ocean_disable_title":"default","ocean_disable_heading":"default","ocean_post_title":"","ocean_post_subheading":"","ocean_post_title_style":"","ocean_post_title_background_color":"","ocean_post_title_background":0,"ocean_post_title_bg_image_position":"","ocean_post_title_bg_image_attachment":"","ocean_post_title_bg_image_repeat":"","ocean_post_title_bg_image_size":"","ocean_post_title_height":0,"ocean_post_title_bg_overlay":0.5,"ocean_post_title_bg_overlay_color":"","ocean_disable_breadcrumbs":"default","ocean_breadcrumbs_color":"","ocean_breadcrumbs_separator_color":"","ocean_breadcrumbs_links_color":"","ocean_breadcrumbs_links_hover_color":"","ocean_display_footer_widgets":"default","ocean_display_footer_bottom":"default","ocean_custom_footer_template":"","ofc_meta_disable_footer_callout":"","ofc_meta_callout_button_url":"","ofc_meta_callout_button_txt":"","ofc_meta_callout_text":"","ofc_enable_fullscreen":"disable","ofc_fullscreen_speed":0,"ofc_fullscreen_nav":"enable","ofc_fullscreen_nav_pos":"right","ofc_fullscreen_nav_color":"","ofc_fullscreen_nav_tooltip_color":"","ofc_fullscreen_responsive":0,"ocean_post_oembed":"","ocean_post_self_hosted_media":"","ocean_post_video_embed":"","ocean_link_format":"","ocean_link_format_target":"self","ocean_quote_format":"","ocean_quote_format_link":"post","ocean_gallery_link_images":"on","ocean_gallery_id":[],"footnotes":""},"categories":[13],"tags":[],"class_list":["post-1812","post","type-post","status-publish","format-standard","has-post-thumbnail","hentry","category-proximo-concerto","entry","has-media"],"_links":{"self":[{"href":"https:\/\/rememberminds.pt\/pt\/wp-json\/wp\/v2\/posts\/1812","targetHints":{"allow":["GET"]}}],"collection":[{"href":"https:\/\/rememberminds.pt\/pt\/wp-json\/wp\/v2\/posts"}],"about":[{"href":"https:\/\/rememberminds.pt\/pt\/wp-json\/wp\/v2\/types\/post"}],"author":[{"embeddable":true,"href":"https:\/\/rememberminds.pt\/pt\/wp-json\/wp\/v2\/users\/1"}],"replies":[{"embeddable":true,"href":"https:\/\/rememberminds.pt\/pt\/wp-json\/wp\/v2\/comments?post=1812"}],"version-history":[{"count":8,"href":"https:\/\/rememberminds.pt\/pt\/wp-json\/wp\/v2\/posts\/1812\/revisions"}],"predecessor-version":[{"id":1826,"href":"https:\/\/rememberminds.pt\/pt\/wp-json\/wp\/v2\/posts\/1812\/revisions\/1826"}],"wp:featuredmedia":[{"embeddable":true,"href":"https:\/\/rememberminds.pt\/pt\/wp-json\/wp\/v2\/media\/1811"}],"wp:attachment":[{"href":"https:\/\/rememberminds.pt\/pt\/wp-json\/wp\/v2\/media?parent=1812"}],"wp:term":[{"taxonomy":"category","embeddable":true,"href":"https:\/\/rememberminds.pt\/pt\/wp-json\/wp\/v2\/categories?post=1812"},{"taxonomy":"post_tag","embeddable":true,"href":"https:\/\/rememberminds.pt\/pt\/wp-json\/wp\/v2\/tags?post=1812"}],"curies":[{"name":"wp","href":"https:\/\/api.w.org\/{rel}","templated":true}]}}